
{"id":40732,"date":"2026-09-03T09:01:39","date_gmt":"2026-09-03T12:01:39","guid":{"rendered":"https:\/\/ifbaiano.edu.br\/portal\/?p=40732"},"modified":"2026-09-03T09:01:41","modified_gmt":"2026-09-03T12:01:41","slug":"if-baiano-lanca-edital-de-intercambio-para-estudantes-no-canada","status":"publish","type":"post","link":"https:\/\/ifbaiano.edu.br\/portal\/if-baiano-lanca-edital-de-intercambio-para-estudantes-no-canada\/","title":{"rendered":"IF Baiano lan\u00e7a edital de interc\u00e2mbio para estudantes no Canad\u00e1"},"content":{"rendered":"\n<p class=\"wp-block-paragraph\">O Instituto Federal Baiano (IF Baiano) divulgou <strong><a href=\"https:\/\/ifbaiano.edu.br\/portal\/wp-content\/uploads\/2026\/08\/Edital-no-172_-ESTUDANTE.pdf\" target=\"_blank\" rel=\"noreferrer noopener\">edital<\/a><\/strong> de sele\u00e7\u00e3o de estudantes para participa\u00e7\u00e3o em <strong>curso de imers\u00e3o em l\u00edngua inglesa<\/strong>, na cidade de Toronto, no Canad\u00e1. O interc\u00e2mbio \u00e9 viabilizado pelo Programa Horizonte Global, em parceria com a ag\u00eancia de educa\u00e7\u00e3o internacional Toronto First Steps (TFS).\u00a0<\/p>\n\n\n\n<p class=\"wp-block-paragraph\">As inscri\u00e7\u00f5es est\u00e3o abertas e devem ser feitas at\u00e9 o dia <strong>30 de setembro<\/strong> de 2026. A oferta \u00e9 de <strong>20 vagas<\/strong> para estudantes de <strong>cursos t\u00e9cnicos (integrados e subsequentes)<\/strong> e <strong>20 vagas<\/strong> para a modalidade <strong>cursos de<\/strong> <strong>gradua\u00e7\u00e3o e p\u00f3s-gradua\u00e7\u00e3o <\/strong>do IF Baiano. O curso ir\u00e1 incluir atividades acad\u00eamicas, culturais e visitas t\u00e9cnicas, com previs\u00e3o para acontecer entre os meses de <strong>maio e junho de 2027<\/strong>.&nbsp;<\/p>\n\n\n\n<p class=\"wp-block-paragraph\">Os estudantes selecionados poder\u00e3o se afastar das atividades acad\u00eamicas sem preju\u00edzo no per\u00edodo do interc\u00e2mbio. Os custos ser\u00e3o de responsabilidade dos participantes, conforme o pacote detalhado no edital.\u00a0<\/p>\n\n\n\n<h2 class=\"wp-block-heading has-medium-font-size\"><strong>Inscri\u00e7\u00e3o e Sele\u00e7\u00e3o<\/strong><\/h2>\n\n\n\n<p class=\"wp-block-paragraph\">As inscri\u00e7\u00f5es devem ser feitas por meio do envio dos documentos solicitados no edital para o e-mail <a href=\"mailto:mobilidade@reitoria.ifbaiano.edu.br\"><strong>mobilidade@reitoria.ifbaiano.edu.br<\/strong><\/a>, dentro do prazo estabelecido.<\/p>\n\n\n\n<p class=\"wp-block-paragraph\">A sele\u00e7\u00e3o dos candidatos ser\u00e1 feita a partir de <strong>sorteio<\/strong>, at\u00e9 atingir o n\u00famero de vagas nas listas de classifica\u00e7\u00e3o das duas categorias de curso do IF Baiano.&nbsp;<\/p>\n\n\n\n<h2 class=\"wp-block-heading has-medium-font-size\"><strong>Saiba mais<\/strong><\/h2>\n\n\n\n<p class=\"wp-block-paragraph\">Para mais informa\u00e7\u00f5es sobre o Programa de Interc\u00e2mbio no Canad\u00e1, acesse a p\u00e1gina:<\/p>\n\n\n\n<p class=\"wp-block-paragraph\"><strong><a href=\"https:\/\/ifbaiano.edu.br\/portal\/concursos\/40626\/\" target=\"_blank\" rel=\"noreferrer noopener\">Processo Interno Simplificado para Sele\u00e7\u00e3o de Estudante para Interc\u00e2mbio em Toronto<\/a><\/strong><\/p>\n","protected":false},"excerpt":{"rendered":"<p>Sele\u00e7\u00e3o \u00e9 voltada \u00e0 participa\u00e7\u00e3o em curso de imers\u00e3o em l\u00edngua inglesa<\/p>\n","protected":false},"author":181,"featured_media":35039,"comment_status":"closed","ping_status":"open","sticky":false,"template":"","format":"standard","meta":{"footnotes":""},"categories":[2,5,10],"tags":[780,658,64],"class_list":["post-40732","post","type-post","status-publish","format-standard","has-post-thumbnail","hentry","category-destaque","category-noticias","category-ultimas-noticias","tag-canada","tag-intercambio-2","tag-prosel"],"_links":{"self":[{"href":"https:\/\/ifbaiano.edu.br\/portal\/wp-json\/wp\/v2\/posts\/40732","targetHints":{"allow":["GET"]}}],"collection":[{"href":"https:\/\/ifbaiano.edu.br\/portal\/wp-json\/wp\/v2\/posts"}],"about":[{"href":"https:\/\/ifbaiano.edu.br\/portal\/wp-json\/wp\/v2\/types\/post"}],"author":[{"embeddable":true,"href":"https:\/\/ifbaiano.edu.br\/portal\/wp-json\/wp\/v2\/users\/181"}],"replies":[{"embeddable":true,"href":"https:\/\/ifbaiano.edu.br\/portal\/wp-json\/wp\/v2\/comments?post=40732"}],"version-history":[{"count":2,"href":"https:\/\/ifbaiano.edu.br\/portal\/wp-json\/wp\/v2\/posts\/40732\/revisions"}],"predecessor-version":[{"id":40772,"href":"https:\/\/ifbaiano.edu.br\/portal\/wp-json\/wp\/v2\/posts\/40732\/revisions\/40772"}],"wp:featuredmedia":[{"embeddable":true,"href":"https:\/\/ifbaiano.edu.br\/portal\/wp-json\/wp\/v2\/media\/35039"}],"wp:attachment":[{"href":"https:\/\/ifbaiano.edu.br\/portal\/wp-json\/wp\/v2\/media?parent=40732"}],"wp:term":[{"taxonomy":"category","embeddable":true,"href":"https:\/\/ifbaiano.edu.br\/portal\/wp-json\/wp\/v2\/categories?post=40732"},{"taxonomy":"post_tag","embeddable":true,"href":"https:\/\/ifbaiano.edu.br\/portal\/wp-json\/wp\/v2\/tags?post=40732"}],"curies":[{"name":"wp","href":"https:\/\/api.w.org\/{rel}","templated":true}]}}