
{"id":40671,"date":"2026-09-01T12:23:35","date_gmt":"2026-09-01T15:23:35","guid":{"rendered":"https:\/\/ifbaiano.edu.br\/portal\/?p=40671"},"modified":"2026-09-01T12:23:37","modified_gmt":"2026-09-01T15:23:37","slug":"if-baiano-empossa-novos-representantes-do-conselho-superior-para-o-bienio-2026-2028","status":"publish","type":"post","link":"https:\/\/ifbaiano.edu.br\/portal\/if-baiano-empossa-novos-representantes-do-conselho-superior-para-o-bienio-2026-2028\/","title":{"rendered":"IF Baiano empossa novos representantes do Conselho Superior para o bi\u00eanio 2026\u20132028\u00a0\u00a0"},"content":{"rendered":"\n<p class=\"wp-block-paragraph\">O Instituto Federal Baiano (IF Baiano) empossou, na \u00faltima sexta-feira (28), os novos representantes do Conselho Superior (Consup) para o bi\u00eanio 2026\u20132028. A solenidade foi realizada no Audit\u00f3rio do Museu de Arte da Bahia, em Salvador, dando in\u00edcio ao mandato dos integrantes que representam diferentes segmentos da comunidade acad\u00eamica e da sociedade civil.<\/p>\n\n\n\n<p class=\"wp-block-paragraph\">A cerim\u00f4nia reuniu gestores, servidores, estudantes e demais membros da comunidade acad\u00eamica para a posse dos novos conselheiros e conselheiras.<\/p>\n\n\n\n<p class=\"wp-block-paragraph\">Para o bi\u00eanio 2026\u20132028, o Conselho Superior do IF Baiano ser\u00e1 composto por 46 membros, sendo 27 titulares e 19 suplentes.<\/p>\n\n\n\n<h2 class=\"wp-block-heading\"><strong>Escuta e participa\u00e7\u00e3o <\/strong><\/h2>\n\n\n\n<p class=\"wp-block-paragraph\">Durante a solenidade, alguns dos novos empossados foram convidados a discursar representando suas determinadas categorias. Eles destacaram em seus discursos sobre a responsabilidade de exercer uma representa\u00e7\u00e3o comprometida com a\u00e7\u00f5es como a escuta e o di\u00e1logo.<\/p>\n\n\n\n<p class=\"wp-block-paragraph\">Reconduzida ao segundo mandato, a docente Luciana Mazzutti abordou, em sua fala, sobre a compreens\u00e3o da democracia como um processo constru\u00eddo tamb\u00e9m a partir das diverg\u00eancias e do debate coletivo. \u201cChego a este segundo mandato sabendo que a democracia tamb\u00e9m se constr\u00f3i nas diverg\u00eancias. Nem sempre teremos consenso, nem sempre venceremos uma vota\u00e7\u00e3o, mas nunca devemos abrir m\u00e3o de ouvir, questionar e defender aquilo que consideramos justo\u201d, afirmou.  A conselheira refor\u00e7ou ainda que os espa\u00e7os de representa\u00e7\u00e3o devem estar abertos \u00e0s diferentes vozes que comp\u00f5em a institui\u00e7\u00e3o. Para ela, o exerc\u00edcio do mandato deve partir do compromisso com a coletividade e com a amplia\u00e7\u00e3o da participa\u00e7\u00e3o nos espa\u00e7os de decis\u00e3o.<\/p>\n\n\n\n<p class=\"wp-block-paragraph\">Representando a categoria discente, o conselheiro Anderson de Sousa Oliveira falou sobre a participa\u00e7\u00e3o estudantil nos espa\u00e7os de decis\u00e3o do IF Baiano. Segundo ele, ocupar uma cadeira no Conselho Superior significa representar a diversidade de estudantes da institui\u00e7\u00e3o e levar ao colegiado suas diferentes demandas e perspectivas. \u201cA participa\u00e7\u00e3o estudantil n\u00e3o pode acontecer apenas quando somos convocados para votar, mas tamb\u00e9m \u00e9 construir, propor, questionar, fiscalizar e dialogar\u201d, afirmou. Anderson tamb\u00e9m defendeu uma representa\u00e7\u00e3o constru\u00edda de forma coletiva, com a escuta de estudantes de diferentes cursos e realidades. <\/p>\n\n\n\n<h2 class=\"wp-block-heading\"><strong>Sobre o Consup<\/strong><\/h2>\n\n\n\n<p class=\"wp-block-paragraph\">O Conselho Superior (Consup) \u00e9 o \u00f3rg\u00e3o m\u00e1ximo de car\u00e1ter consultivo e deliberativo do IF Baiano. Composto por representantes de diferentes segmentos, o colegiado atua nas decis\u00f5es estrat\u00e9gicas e na defini\u00e7\u00e3o de diretrizes institucionais. \u00c9 formado por representantes docentes, t\u00e9cnicos administrativos, discentes, egressos, representantes da sociedade civil e do setor produtivo, al\u00e9m de integrantes da gest\u00e3o institucional e atua na formula\u00e7\u00e3o coletiva das pol\u00edticas institucionais que orientam o Instituto.<\/p>\n\n\n\n<figure class=\"wp-block-gallery has-nested-images columns-default is-cropped wp-block-gallery-1 is-layout-flex wp-block-gallery-is-layout-flex\">\n<figure class=\"wp-block-image size-large\"><img decoding=\"async\" data-id=\"40694\" src=\"https:\/\/ifbaiano.edu.br\/portal\/wp-content\/uploads\/2026\/09\/IMG_0104.webp\" alt=\"\" class=\"wp-image-40694\" \/><\/figure>\n\n\n\n<figure class=\"wp-block-image size-large\"><img decoding=\"async\" data-id=\"40709\" src=\"https:\/\/ifbaiano.edu.br\/portal\/wp-content\/uploads\/2026\/09\/IMG_0106.webp\" alt=\"\" class=\"wp-image-40709\" \/><\/figure>\n\n\n\n<figure class=\"wp-block-image size-large\"><img decoding=\"async\" data-id=\"40684\" src=\"https:\/\/ifbaiano.edu.br\/portal\/wp-content\/uploads\/2026\/09\/IMG_0107.webp\" alt=\"\" class=\"wp-image-40684\" \/><\/figure>\n\n\n\n<figure class=\"wp-block-image size-large\"><img decoding=\"async\" data-id=\"40678\" src=\"https:\/\/ifbaiano.edu.br\/portal\/wp-content\/uploads\/2026\/09\/IMG_0108.webp\" alt=\"\" class=\"wp-image-40678\" \/><\/figure>\n\n\n\n<figure class=\"wp-block-image size-large\"><img decoding=\"async\" data-id=\"40708\" src=\"https:\/\/ifbaiano.edu.br\/portal\/wp-content\/uploads\/2026\/09\/IMG_0110.webp\" alt=\"\" class=\"wp-image-40708\" \/><\/figure>\n\n\n\n<figure class=\"wp-block-image size-large\"><img decoding=\"async\" data-id=\"40706\" src=\"https:\/\/ifbaiano.edu.br\/portal\/wp-content\/uploads\/2026\/09\/IMG_0111.webp\" alt=\"\" class=\"wp-image-40706\" \/><\/figure>\n\n\n\n<figure class=\"wp-block-image size-large\"><img decoding=\"async\" data-id=\"40679\" src=\"https:\/\/ifbaiano.edu.br\/portal\/wp-content\/uploads\/2026\/09\/IMG_0112.webp\" alt=\"\" class=\"wp-image-40679\" \/><\/figure>\n\n\n\n<figure class=\"wp-block-image size-large\"><img decoding=\"async\" data-id=\"40677\" src=\"https:\/\/ifbaiano.edu.br\/portal\/wp-content\/uploads\/2026\/09\/IMG_0113.webp\" alt=\"\" class=\"wp-image-40677\" \/><\/figure>\n\n\n\n<figure class=\"wp-block-image size-large\"><img decoding=\"async\" data-id=\"40686\" src=\"https:\/\/ifbaiano.edu.br\/portal\/wp-content\/uploads\/2026\/09\/IMG_0115.webp\" alt=\"\" class=\"wp-image-40686\" \/><\/figure>\n\n\n\n<figure class=\"wp-block-image size-large\"><img decoding=\"async\" data-id=\"40682\" src=\"https:\/\/ifbaiano.edu.br\/portal\/wp-content\/uploads\/2026\/09\/IMG_0116.webp\" alt=\"\" class=\"wp-image-40682\" \/><\/figure>\n\n\n\n<figure class=\"wp-block-image size-large\"><img decoding=\"async\" data-id=\"40700\" src=\"https:\/\/ifbaiano.edu.br\/portal\/wp-content\/uploads\/2026\/09\/IMG_0117.webp\" alt=\"\" class=\"wp-image-40700\" \/><\/figure>\n\n\n\n<figure class=\"wp-block-image size-large\"><img decoding=\"async\" data-id=\"40681\" src=\"https:\/\/ifbaiano.edu.br\/portal\/wp-content\/uploads\/2026\/09\/IMG_0118.webp\" alt=\"\" class=\"wp-image-40681\" \/><\/figure>\n\n\n\n<figure class=\"wp-block-image size-large\"><img decoding=\"async\" data-id=\"40692\" src=\"https:\/\/ifbaiano.edu.br\/portal\/wp-content\/uploads\/2026\/09\/IMG_0119.webp\" alt=\"\" class=\"wp-image-40692\" \/><\/figure>\n\n\n\n<figure class=\"wp-block-image size-large\"><img decoding=\"async\" data-id=\"40683\" src=\"https:\/\/ifbaiano.edu.br\/portal\/wp-content\/uploads\/2026\/09\/IMG_0120.webp\" alt=\"\" class=\"wp-image-40683\" \/><\/figure>\n\n\n\n<figure class=\"wp-block-image size-large\"><img decoding=\"async\" data-id=\"40685\" src=\"https:\/\/ifbaiano.edu.br\/portal\/wp-content\/uploads\/2026\/09\/IMG_0121.webp\" alt=\"\" class=\"wp-image-40685\" \/><\/figure>\n\n\n\n<figure class=\"wp-block-image size-large\"><img decoding=\"async\" data-id=\"40675\" src=\"https:\/\/ifbaiano.edu.br\/portal\/wp-content\/uploads\/2026\/09\/IMG_0122.webp\" alt=\"\" class=\"wp-image-40675\" \/><\/figure>\n\n\n\n<figure class=\"wp-block-image size-large\"><img decoding=\"async\" data-id=\"40687\" src=\"https:\/\/ifbaiano.edu.br\/portal\/wp-content\/uploads\/2026\/09\/IMG_0123.webp\" alt=\"\" class=\"wp-image-40687\" \/><\/figure>\n\n\n\n<figure class=\"wp-block-image size-large\"><img decoding=\"async\" data-id=\"40697\" src=\"https:\/\/ifbaiano.edu.br\/portal\/wp-content\/uploads\/2026\/09\/IMG_0124.webp\" alt=\"\" class=\"wp-image-40697\" \/><\/figure>\n\n\n\n<figure class=\"wp-block-image size-large\"><img decoding=\"async\" data-id=\"40680\" src=\"https:\/\/ifbaiano.edu.br\/portal\/wp-content\/uploads\/2026\/09\/IMG_0125.webp\" alt=\"\" class=\"wp-image-40680\" \/><\/figure>\n\n\n\n<figure class=\"wp-block-image size-large\"><img decoding=\"async\" data-id=\"40688\" src=\"https:\/\/ifbaiano.edu.br\/portal\/wp-content\/uploads\/2026\/09\/IMG_0126.webp\" alt=\"\" class=\"wp-image-40688\" \/><\/figure>\n\n\n\n<figure class=\"wp-block-image size-large\"><img decoding=\"async\" data-id=\"40703\" src=\"https:\/\/ifbaiano.edu.br\/portal\/wp-content\/uploads\/2026\/09\/IMG_0127.webp\" alt=\"\" class=\"wp-image-40703\" \/><\/figure>\n\n\n\n<figure class=\"wp-block-image size-large\"><img decoding=\"async\" data-id=\"40702\" src=\"https:\/\/ifbaiano.edu.br\/portal\/wp-content\/uploads\/2026\/09\/IMG_0128.webp\" alt=\"\" class=\"wp-image-40702\" \/><\/figure>\n\n\n\n<figure class=\"wp-block-image size-large\"><img decoding=\"async\" data-id=\"40689\" src=\"https:\/\/ifbaiano.edu.br\/portal\/wp-content\/uploads\/2026\/09\/IMG_0129.webp\" alt=\"\" class=\"wp-image-40689\" \/><\/figure>\n\n\n\n<figure class=\"wp-block-image size-large\"><img decoding=\"async\" data-id=\"40705\" src=\"https:\/\/ifbaiano.edu.br\/portal\/wp-content\/uploads\/2026\/09\/IMG_0130.webp\" alt=\"\" class=\"wp-image-40705\" \/><\/figure>\n\n\n\n<figure class=\"wp-block-image size-large\"><img decoding=\"async\" data-id=\"40676\" src=\"https:\/\/ifbaiano.edu.br\/portal\/wp-content\/uploads\/2026\/09\/IMG_0131.webp\" alt=\"\" class=\"wp-image-40676\" \/><\/figure>\n\n\n\n<figure class=\"wp-block-image size-large\"><img decoding=\"async\" data-id=\"40691\" src=\"https:\/\/ifbaiano.edu.br\/portal\/wp-content\/uploads\/2026\/09\/IMG_0132.webp\" alt=\"\" class=\"wp-image-40691\" \/><\/figure>\n\n\n\n<figure class=\"wp-block-image size-large\"><img decoding=\"async\" data-id=\"40695\" src=\"https:\/\/ifbaiano.edu.br\/portal\/wp-content\/uploads\/2026\/09\/IMG_0133.webp\" alt=\"\" class=\"wp-image-40695\" \/><\/figure>\n\n\n\n<figure class=\"wp-block-image size-large\"><img decoding=\"async\" data-id=\"40690\" src=\"https:\/\/ifbaiano.edu.br\/portal\/wp-content\/uploads\/2026\/09\/IMG_0134.webp\" alt=\"\" class=\"wp-image-40690\" \/><\/figure>\n\n\n\n<figure class=\"wp-block-image size-large\"><img decoding=\"async\" data-id=\"40704\" src=\"https:\/\/ifbaiano.edu.br\/portal\/wp-content\/uploads\/2026\/09\/IMG_0135.webp\" alt=\"\" class=\"wp-image-40704\" \/><\/figure>\n\n\n\n<figure class=\"wp-block-image size-large\"><img decoding=\"async\" data-id=\"40698\" src=\"https:\/\/ifbaiano.edu.br\/portal\/wp-content\/uploads\/2026\/09\/IMG_0136.webp\" alt=\"\" class=\"wp-image-40698\" \/><\/figure>\n\n\n\n<figure class=\"wp-block-image size-large\"><img decoding=\"async\" data-id=\"40696\" src=\"https:\/\/ifbaiano.edu.br\/portal\/wp-content\/uploads\/2026\/09\/IMG_0100.webp\" alt=\"\" class=\"wp-image-40696\" \/><\/figure>\n\n\n\n<figure class=\"wp-block-image size-large\"><img decoding=\"async\" data-id=\"40701\" src=\"https:\/\/ifbaiano.edu.br\/portal\/wp-content\/uploads\/2026\/09\/IMG_0101.webp\" alt=\"\" class=\"wp-image-40701\" \/><\/figure>\n<\/figure>\n","protected":false},"excerpt":{"rendered":"<p>Novos conselheiros e conselheiras assumem mandato no \u00f3rg\u00e3o m\u00e1ximo do IF Baiano<\/p>\n","protected":false},"author":180,"featured_media":40672,"comment_status":"closed","ping_status":"open","sticky":false,"template":"","format":"standard","meta":{"footnotes":""},"categories":[2,5,10],"tags":[82,165,779],"class_list":["post-40671","post","type-post","status-publish","format-standard","has-post-thumbnail","hentry","category-destaque","category-noticias","category-ultimas-noticias","tag-consup","tag-eventos","tag-solenidade-de-posse"],"_links":{"self":[{"href":"https:\/\/ifbaiano.edu.br\/portal\/wp-json\/wp\/v2\/posts\/40671","targetHints":{"allow":["GET"]}}],"collection":[{"href":"https:\/\/ifbaiano.edu.br\/portal\/wp-json\/wp\/v2\/posts"}],"about":[{"href":"https:\/\/ifbaiano.edu.br\/portal\/wp-json\/wp\/v2\/types\/post"}],"author":[{"embeddable":true,"href":"https:\/\/ifbaiano.edu.br\/portal\/wp-json\/wp\/v2\/users\/180"}],"replies":[{"embeddable":true,"href":"https:\/\/ifbaiano.edu.br\/portal\/wp-json\/wp\/v2\/comments?post=40671"}],"version-history":[{"count":6,"href":"https:\/\/ifbaiano.edu.br\/portal\/wp-json\/wp\/v2\/posts\/40671\/revisions"}],"predecessor-version":[{"id":40719,"href":"https:\/\/ifbaiano.edu.br\/portal\/wp-json\/wp\/v2\/posts\/40671\/revisions\/40719"}],"wp:featuredmedia":[{"embeddable":true,"href":"https:\/\/ifbaiano.edu.br\/portal\/wp-json\/wp\/v2\/media\/40672"}],"wp:attachment":[{"href":"https:\/\/ifbaiano.edu.br\/portal\/wp-json\/wp\/v2\/media?parent=40671"}],"wp:term":[{"taxonomy":"category","embeddable":true,"href":"https:\/\/ifbaiano.edu.br\/portal\/wp-json\/wp\/v2\/categories?post=40671"},{"taxonomy":"post_tag","embeddable":true,"href":"https:\/\/ifbaiano.edu.br\/portal\/wp-json\/wp\/v2\/tags?post=40671"}],"curies":[{"name":"wp","href":"https:\/\/api.w.org\/{rel}","templated":true}]}}