
{"id":40662,"date":"2026-09-01T10:05:51","date_gmt":"2026-09-01T13:05:51","guid":{"rendered":"https:\/\/ifbaiano.edu.br\/portal\/?p=40662"},"modified":"2026-09-01T10:05:52","modified_gmt":"2026-09-01T13:05:52","slug":"if-baiano-aplica-exame-de-proficiencia-em-lingua-inglesa-epli-a-partir-de-setembro","status":"publish","type":"post","link":"https:\/\/ifbaiano.edu.br\/portal\/if-baiano-aplica-exame-de-proficiencia-em-lingua-inglesa-epli-a-partir-de-setembro\/","title":{"rendered":"IF Baiano aplica Exame de Profici\u00eancia em L\u00edngua Inglesa (EPLI) a partir de setembro\u00a0"},"content":{"rendered":"\n<p class=\"wp-block-paragraph\">O Instituto Federal Baiano (IF Baiano) divulgou <strong><a href=\"https:\/\/ifbaiano.edu.br\/portal\/wp-content\/uploads\/2026\/08\/Edital_Proficie%CC%82ncia_173_EPLI.pdf\" data-type=\"link\" data-id=\"https:\/\/ifbaiano.edu.br\/portal\/wp-content\/uploads\/2026\/08\/Edital_Proficie%CC%82ncia_173_EPLI.pdf\" target=\"_blank\" rel=\"noreferrer noopener\">edital<\/a><\/strong> para a aplica\u00e7\u00e3o do <strong>Exame de Profici\u00eancia em L\u00edngua Inglesa <\/strong>(EPLI). As inscri\u00e7\u00f5es para a realiza\u00e7\u00e3o do exame est\u00e3o abertas e seguem at\u00e9 o dia <strong>21 de setembro<\/strong> de 2026.\u00a0\u00a0<\/p>\n\n\n\n<p class=\"wp-block-paragraph\">O EPLI \u00e9 uma iniciativa coordenada pelo Instituto Federal de S\u00e3o Paulo (IFSP), com apoio da Secretaria de Educa\u00e7\u00e3o Profissional (Setec), e acontecer\u00e1 nos meses de <strong>setembro, outubro e novembro<\/strong> de 2026 em 14 <em>campi <\/em>do IF Baiano, com a aplica\u00e7\u00e3o de <strong>50 provas<\/strong> em cada unidade.<\/p>\n\n\n\n<h2 class=\"wp-block-heading has-medium-font-size\"><strong>Inscri\u00e7\u00e3o e Sele\u00e7\u00e3o<\/strong><\/h2>\n\n\n\n<p class=\"wp-block-paragraph\">As inscri\u00e7\u00f5es s\u00e3o voltadas a estudantes do IF Baiano com matr\u00edcula regular em qualquer modalidade de curso (t\u00e9cnicos integrados e subsequentes, gradua\u00e7\u00e3o, p\u00f3s-gradua\u00e7\u00e3o, Proeja e FICs) e devem ser feitas a partir do preenchimento dos <strong>formul\u00e1rios eletr\u00f4nicos<\/strong> correspondentes a cada um dos <em>campus <\/em>da institui\u00e7\u00e3o, dispon\u00edveis no <strong>Anexo II<\/strong> do edital ou na <strong><a href=\"https:\/\/ifbaiano.edu.br\/portal\/concursos\/exame-de-proficiencia-em-lingua-inglesa-epli-agosto-2026\/\" target=\"_blank\" rel=\"noreferrer noopener\">p\u00e1gina de sele\u00e7\u00e3o<\/a><\/strong>.\u00a0<\/p>\n\n\n\n<p class=\"wp-block-paragraph\">A distribui\u00e7\u00e3o dos candidatos para a realiza\u00e7\u00e3o da prova ir\u00e1 considerar a disponibilidade de vagas em cada data de aplica\u00e7\u00e3o do exame.<\/p>\n\n\n\n<h2 class=\"wp-block-heading has-medium-font-size\"><strong>Sobre o Exame de Profici\u00eancia em L\u00edngua Inglesa&nbsp;<\/strong><\/h2>\n\n\n\n<p class=\"wp-block-paragraph\">O EPLI \u00e9 destinado \u00e0 comunidade acad\u00eamica da Rede Federal de Educa\u00e7\u00e3o Profissional, Cient\u00edfica e Tecnol\u00f3gica e \u00e9 aplicado em plataforma digital, avaliando os n\u00edveis de profici\u00eancia &#8211; Elementar, B\u00e1sico, Intermedi\u00e1rio e Avan\u00e7ado. Dentre os objetivos, o exame visa proporcionar a participa\u00e7\u00e3o em programas de mobilidade acad\u00eamica e interc\u00e2mbios, al\u00e9m de editais de bolsas de estudo e pesquisa.<\/p>\n\n\n\n<h2 class=\"wp-block-heading has-medium-font-size\"><strong>Saiba mais&nbsp;<\/strong><\/h2>\n\n\n\n<p class=\"wp-block-paragraph\">Para mais informa\u00e7\u00f5es sobre a aplica\u00e7\u00e3o do exame, acesse a p\u00e1gina:&nbsp;<\/p>\n\n\n\n<p class=\"wp-block-paragraph\"><a href=\"https:\/\/ifbaiano.edu.br\/portal\/concursos\/exame-de-proficiencia-em-lingua-inglesa-epli-agosto-2026\/\"><strong>Exame de Profici\u00eancia Em L\u00edngua Inglesa \u2013 EPLI \u2013 Agosto 2026<\/strong><\/a><\/p>\n\n\n\n<p class=\"wp-block-paragraph\"><\/p>\n","protected":false},"excerpt":{"rendered":"<p>Inscri\u00e7\u00f5es para estudantes do IF Baiano que desejam realizar o exame est\u00e3o abertas at\u00e9 21 de setembro<\/p>\n","protected":false},"author":181,"featured_media":40669,"comment_status":"closed","ping_status":"open","sticky":false,"template":"","format":"standard","meta":{"footnotes":""},"categories":[2,5,10],"tags":[216,768],"class_list":["post-40662","post","type-post","status-publish","format-standard","has-post-thumbnail","hentry","category-destaque","category-noticias","category-ultimas-noticias","tag-edital","tag-epli"],"_links":{"self":[{"href":"https:\/\/ifbaiano.edu.br\/portal\/wp-json\/wp\/v2\/posts\/40662","targetHints":{"allow":["GET"]}}],"collection":[{"href":"https:\/\/ifbaiano.edu.br\/portal\/wp-json\/wp\/v2\/posts"}],"about":[{"href":"https:\/\/ifbaiano.edu.br\/portal\/wp-json\/wp\/v2\/types\/post"}],"author":[{"embeddable":true,"href":"https:\/\/ifbaiano.edu.br\/portal\/wp-json\/wp\/v2\/users\/181"}],"replies":[{"embeddable":true,"href":"https:\/\/ifbaiano.edu.br\/portal\/wp-json\/wp\/v2\/comments?post=40662"}],"version-history":[{"count":5,"href":"https:\/\/ifbaiano.edu.br\/portal\/wp-json\/wp\/v2\/posts\/40662\/revisions"}],"predecessor-version":[{"id":40670,"href":"https:\/\/ifbaiano.edu.br\/portal\/wp-json\/wp\/v2\/posts\/40662\/revisions\/40670"}],"wp:featuredmedia":[{"embeddable":true,"href":"https:\/\/ifbaiano.edu.br\/portal\/wp-json\/wp\/v2\/media\/40669"}],"wp:attachment":[{"href":"https:\/\/ifbaiano.edu.br\/portal\/wp-json\/wp\/v2\/media?parent=40662"}],"wp:term":[{"taxonomy":"category","embeddable":true,"href":"https:\/\/ifbaiano.edu.br\/portal\/wp-json\/wp\/v2\/categories?post=40662"},{"taxonomy":"post_tag","embeddable":true,"href":"https:\/\/ifbaiano.edu.br\/portal\/wp-json\/wp\/v2\/tags?post=40662"}],"curies":[{"name":"wp","href":"https:\/\/api.w.org\/{rel}","templated":true}]}}